{"id":1128,"date":"2023-01-13T11:47:30","date_gmt":"2023-01-13T14:47:30","guid":{"rendered":"https:\/\/iffdbrasil.org\/?p=1128"},"modified":"2024-06-06T09:24:13","modified_gmt":"2024-06-06T12:24:13","slug":"outras-producoes-n-3-nota-de-repudio-a-intentona-bolsonarista-de-8-de-janeiro-de-2023","status":"publish","type":"post","link":"https:\/\/iffdbrasil.org\/index.php\/2023\/01\/13\/outras-producoes-n-3-nota-de-repudio-a-intentona-bolsonarista-de-8-de-janeiro-de-2023\/","title":{"rendered":"Outras Produ\u00e7\u00f5es n. 3 &#8211; \u00a0Nota de Rep\u00fadio \u00e0 Intentona Bolsonarista de 8 de janeiro de 2023\u00a0"},"content":{"rendered":"\n<p>Por &nbsp;Daniel Negreiros Concei\u00e7\u00e3o&nbsp;&#8211; Presidente da Diretoria Executiva do IFFD&nbsp;<\/p>\n\n\n\n<p><strong>Resumo:<\/strong><\/p>\n\n\n\n<p>Em 2023, Lula foi empossado como presidente do Brasil em uma celebra\u00e7\u00e3o democr\u00e1tica, mas uma semana depois ocorreu um ataque terrorista \u00e0s sedes dos tr\u00eas Poderes da Rep\u00fablica. Os terroristas buscavam substituir o Estado de Direito por uma domina\u00e7\u00e3o direta atrav\u00e9s da viol\u00eancia. Esse epis\u00f3dio foi o mais violento contra a Rep\u00fablica, mas outras formas de ataque ao Estado de Direito j\u00e1 estavam acontecendo. Para resgatar as expectativas dos cidad\u00e3os, \u00e9 necess\u00e1rio cumprir a Constitui\u00e7\u00e3o Cidad\u00e3, que deve ter primazia sobre a persegui\u00e7\u00e3o de resultados fiscais em nome da &#8220;responsabilidade fiscal&#8221;.<\/p>\n\n\n\n<p><strong>Palavras-chave:<\/strong><\/p>\n\n\n\n<p>Constitui\u00e7\u00e3o; Estado de Direito; Democracia; Responsabilidade fiscal.<\/p>\n\n\n\n<div class=\"wp-block-file\"><a id=\"wp-block-file--media-c9e0350e-0e01-4960-b44a-268c6b58759c\" href=\"https:\/\/iffdbrasil.org\/wp-content\/uploads\/2024\/06\/IFFD_outras_producoes_n3.pdf\">IFFD_outras_producoes_n3<\/a><a href=\"https:\/\/iffdbrasil.org\/wp-content\/uploads\/2024\/06\/IFFD_outras_producoes_n3.pdf\" class=\"wp-block-file__button wp-element-button\" download aria-describedby=\"wp-block-file--media-c9e0350e-0e01-4960-b44a-268c6b58759c\">Baixar<\/a><\/div>\n","protected":false},"excerpt":{"rendered":"<p>Em 2023, Lula foi empossado como presidente do Brasil em uma celebra\u00e7\u00e3o democr\u00e1tica, mas uma semana depois ocorreu um ataque terrorista \u00e0s sedes dos tr\u00eas Poderes da Rep\u00fablica. Os terroristas buscavam substituir o Estado de Direito por uma domina\u00e7\u00e3o direta atrav\u00e9s da viol\u00eancia. Esse epis\u00f3dio foi o mais violento contra a Rep\u00fablica, mas outras formas de ataque ao Estado de Direito j\u00e1 estavam acontecendo. Para resgatar as expectativas dos cidad\u00e3os, \u00e9 necess\u00e1rio cumprir a Constitui\u00e7\u00e3o Cidad\u00e3, que deve ter primazia sobre a persegui\u00e7\u00e3o de resultados fiscais em nome da &#8220;responsabilidade fiscal&#8221;.<\/p>\n","protected":false},"author":1,"featured_media":0,"comment_status":"closed","ping_status":"open","sticky":false,"template":"","format":"standard","meta":{"footnotes":""},"categories":[3,6],"tags":[68,70,69,20,71],"class_list":["post-1128","post","type-post","status-publish","format-standard","hentry","category-destaque","category-outros-textos","tag-constituicao","tag-democracia","tag-estado-de-direito","tag-financas-funcionais","tag-responsabilidade-fiscal"],"_links":{"self":[{"href":"https:\/\/iffdbrasil.org\/index.php\/wp-json\/wp\/v2\/posts\/1128","targetHints":{"allow":["GET"]}}],"collection":[{"href":"https:\/\/iffdbrasil.org\/index.php\/wp-json\/wp\/v2\/posts"}],"about":[{"href":"https:\/\/iffdbrasil.org\/index.php\/wp-json\/wp\/v2\/types\/post"}],"author":[{"embeddable":true,"href":"https:\/\/iffdbrasil.org\/index.php\/wp-json\/wp\/v2\/users\/1"}],"replies":[{"embeddable":true,"href":"https:\/\/iffdbrasil.org\/index.php\/wp-json\/wp\/v2\/comments?post=1128"}],"version-history":[{"count":8,"href":"https:\/\/iffdbrasil.org\/index.php\/wp-json\/wp\/v2\/posts\/1128\/revisions"}],"predecessor-version":[{"id":1288,"href":"https:\/\/iffdbrasil.org\/index.php\/wp-json\/wp\/v2\/posts\/1128\/revisions\/1288"}],"wp:attachment":[{"href":"https:\/\/iffdbrasil.org\/index.php\/wp-json\/wp\/v2\/media?parent=1128"}],"wp:term":[{"taxonomy":"category","embeddable":true,"href":"https:\/\/iffdbrasil.org\/index.php\/wp-json\/wp\/v2\/categories?post=1128"},{"taxonomy":"post_tag","embeddable":true,"href":"https:\/\/iffdbrasil.org\/index.php\/wp-json\/wp\/v2\/tags?post=1128"}],"curies":[{"name":"wp","href":"https:\/\/api.w.org\/{rel}","templated":true}]}}