{"id":476,"date":"2021-06-26T21:03:21","date_gmt":"2021-06-27T00:03:21","guid":{"rendered":"https:\/\/iffdorgbr.wpcomstaging.com\/?p=476"},"modified":"2021-06-26T21:03:21","modified_gmt":"2021-06-27T00:03:21","slug":"iffd-em-dialogo-randall-wray-e-bill-mitchell-mmt-e-financas-funcionais-passado-presente-e-futuro","status":"publish","type":"post","link":"https:\/\/iffdbrasil.org\/index.php\/2021\/06\/26\/iffd-em-dialogo-randall-wray-e-bill-mitchell-mmt-e-financas-funcionais-passado-presente-e-futuro\/","title":{"rendered":"IFFD em Di\u00e1logo: Randall Wray e Bill Mitchell. MMT e Finan\u00e7as Funcionais: Passado, Presente e Futuro"},"content":{"rendered":"\n<p>Primeira parte do di\u00e1logo entre os Presidentes do Conselho e da Diretoria do IFFD, Simone Deos e Daniel Concei\u00e7\u00e3o, e dois dos grandes nomes da MMT: os professores Bill Mitchell, da Universidade de Newcastle (Austr\u00e1lia), e L. Randall Wray, da Universidade de Missouri \u2013 Kansas City e pesquisador do Levi Institute of Bard College (EUA). Nesse trecho inicial da conversa, realizada em junho de 2021, Mitchell e Wray apresentam os principais elementos dessa constru\u00e7\u00e3o te\u00f3rica, comentam suas atuais atividades de pesquisa, e tra\u00e7am as perspectivas e os desafios te\u00f3ricos que se colocam hoje para os pesquisadores ligados \u00e0 MMT e \u00e0s Finan\u00e7as Funcionais. <\/p>\n\n\n\n<p><strong>Painel &#8211; IFFD em Di\u00e1logo:<\/strong> Como uma de suas finalidades, o Instituto de Finan\u00e7as Funcionais para o Desenvolvimento visa &#8220;apresentar ao debate pol\u00edtico e econ\u00f4mico brasileiro as atualiza\u00e7\u00f5es e inova\u00e7\u00f5es no campo da macroeconomia&#8221;. Para isso ser\u00e3o promovidos di\u00e1logos com economistas e outros intelectuais, brasileiros e estrangeiros. Com uma abordagem aprofundada e rigorosa de suas pautas, essas conversas se destinam a provocar reflex\u00f5es cr\u00edticas sobre as condi\u00e7\u00f5es para a promo\u00e7\u00e3o da prosperidade e da justi\u00e7a social no Brasil. \u00c9 necess\u00e1rio irrigar e nutrir os debates brasileiros com uma atitude que seja, ao mesmo tempo, cr\u00edtica e propositiva. Em nosso Pa\u00eds, infelizmente, ainda \u00e9 comum que antigas e j\u00e1 superadas teses macroecon\u00f4micas sejam mobilizadas para esvaziar a esfera p\u00fablica nacional. O painel &#8220;IFFD em Di\u00e1logo&#8221; pretende contribuir para a supera\u00e7\u00e3o desse quadro! Revelada a falsidade dos problemas criados por um modo de pensar &#8220;fiscalista&#8221; &#8211; em suas diferentes vestes -, ser\u00e1 poss\u00edvel dar lugar a um pensamento vivo e capaz de alcan\u00e7ar as solu\u00e7\u00f5es efetivas para os problemas concretos do Brasil.<\/p>\n\n\n\n<figure class=\"wp-block-embed is-type-video is-provider-youtube wp-block-embed-youtube wp-embed-aspect-16-9 wp-has-aspect-ratio\"><div class=\"wp-block-embed__wrapper\">\nhttps:\/\/www.youtube.com\/watch?v=xhAh-atWSUk&#038;ab_channel=IFFDBrasil\n<\/div><\/figure>\n","protected":false},"excerpt":{"rendered":"<p>Primeira parte do di\u00e1logo entre os Presidentes do Conselho e da Diretoria do IFFD, Simone Deos e Daniel Concei\u00e7\u00e3o, e dois dos grandes nomes da MMT: os professores Bill Mitchell, da Universidade de Newcastle (Austr\u00e1lia), e L. Randall Wray, da Universidade de Missouri \u2013 Kansas City e pesquisador do Levi Institute of Bard College (EUA). Nesse trecho inicial da conversa, realizada em junho de 2021, Mitchell e Wray apresentam os principais elementos dessa constru\u00e7\u00e3o te\u00f3rica, comentam suas atuais atividades de pesquisa, e tra\u00e7am as perspectivas e os desafios te\u00f3ricos que se colocam hoje para os pesquisadores ligados \u00e0 MMT e \u00e0s Finan\u00e7as Funcionais. <\/p>\n","protected":false},"author":1,"featured_media":0,"comment_status":"closed","ping_status":"closed","sticky":false,"template":"","format":"standard","meta":{"footnotes":""},"categories":[3,8],"tags":[11,22,31,36,42,45],"class_list":["post-476","post","type-post","status-publish","format-standard","hentry","category-destaque","category-videos","tag-bill-mitchel","tag-futuro","tag-mmt-e-financas-funcionais","tag-passado","tag-presente","tag-randall-wray"],"_links":{"self":[{"href":"https:\/\/iffdbrasil.org\/index.php\/wp-json\/wp\/v2\/posts\/476","targetHints":{"allow":["GET"]}}],"collection":[{"href":"https:\/\/iffdbrasil.org\/index.php\/wp-json\/wp\/v2\/posts"}],"about":[{"href":"https:\/\/iffdbrasil.org\/index.php\/wp-json\/wp\/v2\/types\/post"}],"author":[{"embeddable":true,"href":"https:\/\/iffdbrasil.org\/index.php\/wp-json\/wp\/v2\/users\/1"}],"replies":[{"embeddable":true,"href":"https:\/\/iffdbrasil.org\/index.php\/wp-json\/wp\/v2\/comments?post=476"}],"version-history":[{"count":0,"href":"https:\/\/iffdbrasil.org\/index.php\/wp-json\/wp\/v2\/posts\/476\/revisions"}],"wp:attachment":[{"href":"https:\/\/iffdbrasil.org\/index.php\/wp-json\/wp\/v2\/media?parent=476"}],"wp:term":[{"taxonomy":"category","embeddable":true,"href":"https:\/\/iffdbrasil.org\/index.php\/wp-json\/wp\/v2\/categories?post=476"},{"taxonomy":"post_tag","embeddable":true,"href":"https:\/\/iffdbrasil.org\/index.php\/wp-json\/wp\/v2\/tags?post=476"}],"curies":[{"name":"wp","href":"https:\/\/api.w.org\/{rel}","templated":true}]}}