{"id":567,"date":"2021-09-23T17:40:00","date_gmt":"2021-09-23T20:40:00","guid":{"rendered":"https:\/\/iffdorgbr.wpcomstaging.com\/?p=567"},"modified":"2024-06-06T09:17:03","modified_gmt":"2024-06-06T12:17:03","slug":"policy-note-n-2-a-exagerada-insustentavel-e-efemera-reducao-da-taxa-de-juros-no-brasil","status":"publish","type":"post","link":"https:\/\/iffdbrasil.org\/index.php\/2021\/09\/23\/policy-note-n-2-a-exagerada-insustentavel-e-efemera-reducao-da-taxa-de-juros-no-brasil\/","title":{"rendered":"Policy Note n. 2 &#8211; A exagerada, insustent\u00e1vel e ef\u00eamera redu\u00e7\u00e3o da taxa de juros no Brasil"},"content":{"rendered":"\n<p>Fernando Maccari Lara<\/p>\n\n\n\n<p><strong>Resumo:<\/strong><\/p>\n\n\n\n<p>A pol\u00edtica econ\u00f4mica executada no Brasil nos \u00faltimos anos apostava na redu\u00e7\u00e3o da taxa b\u00e1sica de juros como principal fator de est\u00edmulo ao crescimento econ\u00f4mico. Nos primeiros meses de 2020 a taxa b\u00e1sica de juros foi reduzida pela autoridade monet\u00e1ria para um n\u00edvel historicamente baixo e inferior ao patamar do indicador de risco soberano EMBI+. Tal op\u00e7\u00e3o n\u00e3o \u00e9 nada usual na experi\u00eancia brasileira e acabou produzindo um comportamento tamb\u00e9m peculiar da taxa de c\u00e2mbio nominal, exacerbando no plano dom\u00e9stico uma press\u00e3o inflacion\u00e1ria oriunda da din\u00e2mica dos pre\u00e7os internacionais de commodities. No contexto de um reduzido poder de barganha dos assalariados, circunst\u00e2ncia que j\u00e1 era observada anteriormente e que se aprofundou com a crise gerada pela pandemia, tal orienta\u00e7\u00e3o de pol\u00edtica acabou produzindo fortes efeitos distributivos contra os assalariados e rendas mais baixas, mostrando-se assim contraproducente no que diz respeito \u00e0 manuten\u00e7\u00e3o de baixas taxas de juros de forma mais permanente.<\/p>\n\n\n\n<p><strong>Palavras-chave:<\/strong><\/p>\n\n\n\n<p>Taxa de Juros, pol\u00edtica econ\u00f4mica, taxa de c\u00e2mbio, infla\u00e7\u00e3o, efeitos distributivos, autoridade monet\u00e1ria.<\/p>\n\n\n\n<div class=\"wp-block-file\"><a id=\"wp-block-file--media-df69b77e-792c-4682-a9a1-ef4cf060a341\" href=\"https:\/\/iffdbrasil.org\/wp-content\/uploads\/2024\/06\/IFFD_Policy-Note-n2.pdf\" target=\"_blank\" rel=\"noreferrer noopener\">IFFD_Policy-Note-n2<\/a><a href=\"https:\/\/iffdbrasil.org\/wp-content\/uploads\/2024\/06\/IFFD_Policy-Note-n2.pdf\" class=\"wp-block-file__button wp-element-button\" download aria-describedby=\"wp-block-file--media-df69b77e-792c-4682-a9a1-ef4cf060a341\">Baixar<\/a><\/div>\n\n\n\n<p><\/p>\n","protected":false},"excerpt":{"rendered":"<p>Fernando Maccari Lara Resumo: A pol\u00edtica econ\u00f4mica executada no Brasil nos \u00faltimos anos apostava na redu\u00e7\u00e3o da taxa b\u00e1sica de juros como principal fator de est\u00edmulo ao crescimento econ\u00f4mico. Nos primeiros meses de 2020 a taxa b\u00e1sica de juros foi reduzida pela autoridade monet\u00e1ria para um n\u00edvel historicamente baixo e inferior ao patamar do indicador &hellip; <\/p>\n<p class=\"link-more\"><a href=\"https:\/\/iffdbrasil.org\/index.php\/2021\/09\/23\/policy-note-n-2-a-exagerada-insustentavel-e-efemera-reducao-da-taxa-de-juros-no-brasil\/\" class=\"more-link\">Continue lendo<span class=\"screen-reader-text\"> &#8220;Policy Note n. 2 &#8211; A exagerada, insustent\u00e1vel e ef\u00eamera redu\u00e7\u00e3o da taxa de juros no Brasil&#8221;<\/span><\/a><\/p>\n","protected":false},"author":1,"featured_media":0,"comment_status":"closed","ping_status":"closed","sticky":false,"template":"","format":"standard","meta":{"footnotes":""},"categories":[3,5],"tags":[9,17,26,38,48,49],"class_list":["post-567","post","type-post","status-publish","format-standard","hentry","category-destaque","category-notas-tecnicas","tag-autoridade-monetaria","tag-efeitos-distributivos","tag-inflacao","tag-politica-economica","tag-taxa-de-cambio","tag-taxa-de-juros"],"_links":{"self":[{"href":"https:\/\/iffdbrasil.org\/index.php\/wp-json\/wp\/v2\/posts\/567","targetHints":{"allow":["GET"]}}],"collection":[{"href":"https:\/\/iffdbrasil.org\/index.php\/wp-json\/wp\/v2\/posts"}],"about":[{"href":"https:\/\/iffdbrasil.org\/index.php\/wp-json\/wp\/v2\/types\/post"}],"author":[{"embeddable":true,"href":"https:\/\/iffdbrasil.org\/index.php\/wp-json\/wp\/v2\/users\/1"}],"replies":[{"embeddable":true,"href":"https:\/\/iffdbrasil.org\/index.php\/wp-json\/wp\/v2\/comments?post=567"}],"version-history":[{"count":2,"href":"https:\/\/iffdbrasil.org\/index.php\/wp-json\/wp\/v2\/posts\/567\/revisions"}],"predecessor-version":[{"id":1277,"href":"https:\/\/iffdbrasil.org\/index.php\/wp-json\/wp\/v2\/posts\/567\/revisions\/1277"}],"wp:attachment":[{"href":"https:\/\/iffdbrasil.org\/index.php\/wp-json\/wp\/v2\/media?parent=567"}],"wp:term":[{"taxonomy":"category","embeddable":true,"href":"https:\/\/iffdbrasil.org\/index.php\/wp-json\/wp\/v2\/categories?post=567"},{"taxonomy":"post_tag","embeddable":true,"href":"https:\/\/iffdbrasil.org\/index.php\/wp-json\/wp\/v2\/tags?post=567"}],"curies":[{"name":"wp","href":"https:\/\/api.w.org\/{rel}","templated":true}]}}